{"id":7417,"date":"2019-07-07T12:07:53","date_gmt":"2019-07-07T10:07:53","guid":{"rendered":"https:\/\/www.treesandpeople.com\/uncategorized\/how-to-make-a-tree-tent-more-comfortable-tips-from-real-life-domup-improvements\/"},"modified":"2019-07-07T15:23:18","modified_gmt":"2019-07-07T13:23:18","slug":"how-to-make-a-tree-tent-more-comfortable-tips-from-real-life-domup-improvements","status":"publish","type":"post","link":"https:\/\/www.treesandpeople.com\/en\/blog-en\/equipment\/how-to-make-a-tree-tent-more-comfortable-tips-from-real-life-domup-improvements\/","title":{"rendered":"How to make a tree tent more comfortable. Tips from real life Dom&#8217;Up improvements."},"content":{"rendered":"\t\t<div data-elementor-type=\"wp-post\" data-elementor-id=\"7417\" class=\"elementor elementor-7417\">\n\t\t\t\t\t\t<div class=\"elementor-inner\">\n\t\t\t\t<div class=\"elementor-section-wrap\">\n\t\t\t\t\t\t\t\t\t<section class=\"elementor-section elementor-top-section elementor-element elementor-element-184a7ef elementor-section-boxed elementor-section-height-default elementor-section-height-default\" data-id=\"184a7ef\" data-element_type=\"section\">\n\t\t\t\t\t\t<div class=\"elementor-container elementor-column-gap-default\">\n\t\t\t\t\t\t\t<div class=\"elementor-row\">\n\t\t\t\t\t<div class=\"elementor-column elementor-col-100 elementor-top-column elementor-element elementor-element-2eb4a71\" data-id=\"2eb4a71\" data-element_type=\"column\">\n\t\t\t<div class=\"elementor-column-wrap elementor-element-populated\">\n\t\t\t\t\t\t\t<div class=\"elementor-widget-wrap\">\n\t\t\t\t\t\t<div class=\"elementor-element elementor-element-f7893b8 elementor-widget elementor-widget-heading\" data-id=\"f7893b8\" data-element_type=\"widget\" data-widget_type=\"heading.default\">\n\t\t\t\t<div class=\"elementor-widget-container\">\n\t\t\t<h2 class=\"elementor-heading-title elementor-size-default\">How to Make a Tree Tent More Comfortable<\/h2>\t\t<\/div>\n\t\t\t\t<\/div>\n\t\t\t\t\t\t<\/div>\n\t\t\t\t\t<\/div>\n\t\t<\/div>\n\t\t\t\t\t\t\t\t<\/div>\n\t\t\t\t\t<\/div>\n\t\t<\/section>\n\t\t\t\t<section class=\"elementor-section elementor-top-section elementor-element elementor-element-397544d elementor-section-boxed elementor-section-height-default elementor-section-height-default\" data-id=\"397544d\" data-element_type=\"section\">\n\t\t\t\t\t\t<div class=\"elementor-container elementor-column-gap-default\">\n\t\t\t\t\t\t\t<div class=\"elementor-row\">\n\t\t\t\t\t<div class=\"elementor-column elementor-col-100 elementor-top-column elementor-element elementor-element-c7ddeab\" data-id=\"c7ddeab\" data-element_type=\"column\">\n\t\t\t<div class=\"elementor-column-wrap elementor-element-populated\">\n\t\t\t\t\t\t\t<div class=\"elementor-widget-wrap\">\n\t\t\t\t\t\t<div class=\"elementor-element elementor-element-f30073f elementor-widget elementor-widget-heading\" data-id=\"f30073f\" data-element_type=\"widget\" data-widget_type=\"heading.default\">\n\t\t\t\t<div class=\"elementor-widget-container\">\n\t\t\t<h3 class=\"elementor-heading-title elementor-size-default\">Tips from Real-Life Dom'Up Improvements<\/h3>\t\t<\/div>\n\t\t\t\t<\/div>\n\t\t\t\t<div class=\"elementor-element elementor-element-44049b7 elementor-widget elementor-widget-text-editor\" data-id=\"44049b7\" data-element_type=\"widget\" data-widget_type=\"text-editor.default\">\n\t\t\t\t<div class=\"elementor-widget-container\">\n\t\t\t\t\t\t\t\t<div class=\"elementor-text-editor elementor-clearfix\">\n\t\t\t\t<p><span style=\"font-weight: 400;\">When Bruno conceived the <a href=\"http:\/\/www.treesandpeople.com\/en\/?page_id=7232\">Dom\u2019Up<\/a>, his idea was to share his passion for trees with everyone regardless of their age or their habit of living with and in nature.<\/span><\/p>\n<p><span style=\"font-weight: 400;\">After years of wandering around the canopy as part of his job as a tree surgeon, Bruno was acutely aware that most people would never get to be so intimately connected with trees and would need an easier and more accessible solution to benefit from such an experience.<\/span><\/p>\n<p><span style=\"font-weight: 400;\">They need nice comfortable and secure accommodation where they could relax and savour the wonderful proximity to Nature&#8217;s wealth.<\/span><\/p>\n<p><span style=\"font-weight: 400;\">They needed a tree tent where they would feel comfortable and protected but still connected to the sounds and smells of nature.<\/span><\/p>\n<p><span style=\"font-weight: 400;\">When the concept was clear in his mind, Bruno set up to create such a place.<\/span><\/p>\n<p><span style=\"font-weight: 400;\">His love of trees implied that he had to find the solution that also benefited the tree, or, at the very least, would not harm them.<\/span><\/p>\n<p><span style=\"font-weight: 400;\">And so the Dom\u2019Up was born.<\/span><\/p>\n<p><span style=\"font-weight: 400;\">Now that is getting more mature, it is gaining the benefit from users\u2019 experience. And some of Dom&#8217;Up hosts have shared their improvements with us.<\/span><\/p>\n<h2><span style=\"font-weight: 400;\">Chateau d\u2019Hodoumont Sawdust Toilets<\/span><br \/>\n<img loading=\"lazy\" decoding=\"async\" class=\"alignright size-medium wp-image-7178\" src=\"http:\/\/www.treesandpeople.com\/wp-content\/uploads\/2019\/07\/DomUp-Hodoumont-exterior-300x283.jpg\" alt=\"Dom'Up Hodoumont exterior\" width=\"300\" height=\"283\" srcset=\"https:\/\/www.treesandpeople.com\/wp-content\/uploads\/2019\/07\/DomUp-Hodoumont-exterior-300x283.jpg 300w, https:\/\/www.treesandpeople.com\/wp-content\/uploads\/2019\/07\/DomUp-Hodoumont-exterior-600x565.jpg 600w, https:\/\/www.treesandpeople.com\/wp-content\/uploads\/2019\/07\/DomUp-Hodoumont-exterior.jpg 756w\" sizes=\"auto, (max-width: 300px) 100vw, 300px\" \/><\/h2>\n<p><span style=\"font-weight: 400;\">As you know we just installed an additional Dom\u2019Up up at the <a href=\"http:\/\/domup-hodoumont.com\/?lang=en\" class=\"gt3_styled_link gt3_styled_link__underline gt3_styled_link__underline_on_hover\">Chateau d&#8217;Hodoumont<\/a> property.<\/span><\/p>\n<p><span style=\"font-weight: 400;\">This time, however, with the benefit of experience, a toilet has been added on the terrace.<\/span><\/p>\n<p><span style=\"font-weight: 400;\">This solves the issues of nocturnal emergencies that was a problem for guests wary of groping their way down in the pitch-black forest to answer Nature&#8217;s call in the middle of the night.<\/span><\/p>\n<p><span style=\"font-weight: 400;\">Now, with the new sawdust toilet sitting on the Dom\u2019Up terrace, just lift the cover, sit down and relieve yourself comfortably while enjoying the surrounding nature. It is a unique experience, marrying the comfort of closeby, easily accessible facilities with the connection to the night fragrance of the forest.<\/span><\/p>\n<p><span style=\"font-weight: 400;\">The sawdust lined biodegradable bag is designed to absorb liquids and offensive odours, and your host will collect it in the morning.<\/span><\/p>\n<p><span style=\"font-weight: 400;\">During the day, just close the box lid and add a cushion to benefit from additional seating.<\/span><\/p>\n<p><span style=\"font-weight: 400;\">Whether you are a worried parent or just wary of wandering in the dark, this will bring you peace of mind and let you enjoy your dreams.<\/span><\/p>\n\n\t\t<style type=\"text\/css\">\n\t\t\t#gallery-1 {\n\t\t\t\tmargin: auto;\n\t\t\t}\n\t\t\t#gallery-1 .gallery-item {\n\t\t\t\tfloat: left;\n\t\t\t\tmargin-top: 10px;\n\t\t\t\ttext-align: center;\n\t\t\t\twidth: 33%;\n\t\t\t}\n\t\t\t#gallery-1 img {\n\t\t\t\tborder: 2px solid #cfcfcf;\n\t\t\t}\n\t\t\t#gallery-1 .gallery-caption {\n\t\t\t\tmargin-left: 0;\n\t\t\t}\n\t\t\t\/* see gallery_shortcode() in wp-includes\/media.php *\/\n\t\t<\/style>\n\t\t<div id='gallery-1' class='gallery galleryid-7417 gallery-columns-3 gallery-size-thumbnail'><dl class='gallery-item'>\n\t\t\t<dt class='gallery-icon landscape'>\n\t\t\t\t<a href='https:\/\/www.treesandpeople.com\/en\/feuillees-perchees-dhodoumont-3-2\/'><img loading=\"lazy\" decoding=\"async\" width=\"150\" height=\"150\" src=\"https:\/\/www.treesandpeople.com\/wp-content\/uploads\/2019\/07\/Feuillees-perchees-dHodoumont-3-150x150.jpeg\" class=\"attachment-thumbnail size-thumbnail\" alt=\"\" srcset=\"https:\/\/www.treesandpeople.com\/wp-content\/uploads\/2019\/07\/Feuillees-perchees-dHodoumont-3-150x150.jpeg 150w, https:\/\/www.treesandpeople.com\/wp-content\/uploads\/2019\/07\/Feuillees-perchees-dHodoumont-3-120x120.jpeg 120w, https:\/\/www.treesandpeople.com\/wp-content\/uploads\/2019\/07\/Feuillees-perchees-dHodoumont-3-300x300.jpeg 300w, https:\/\/www.treesandpeople.com\/wp-content\/uploads\/2019\/07\/Feuillees-perchees-dHodoumont-3-800x800.jpeg 800w, https:\/\/www.treesandpeople.com\/wp-content\/uploads\/2019\/07\/Feuillees-perchees-dHodoumont-3-115x115.jpeg 115w\" sizes=\"auto, (max-width: 150px) 100vw, 150px\" title=\"Hodoumont Sawdust toilets\" \/><\/a>\n\t\t\t<\/dt><\/dl><dl class='gallery-item'>\n\t\t\t<dt class='gallery-icon portrait'>\n\t\t\t\t<a href='https:\/\/www.treesandpeople.com\/en\/feuillees-perchees-dhodoumont-2-2\/'><img loading=\"lazy\" decoding=\"async\" width=\"150\" height=\"150\" src=\"https:\/\/www.treesandpeople.com\/wp-content\/uploads\/2019\/07\/Feuillees-perchees-dHodoumont-2-150x150.jpeg\" class=\"attachment-thumbnail size-thumbnail\" alt=\"\" srcset=\"https:\/\/www.treesandpeople.com\/wp-content\/uploads\/2019\/07\/Feuillees-perchees-dHodoumont-2-150x150.jpeg 150w, https:\/\/www.treesandpeople.com\/wp-content\/uploads\/2019\/07\/Feuillees-perchees-dHodoumont-2-120x120.jpeg 120w, https:\/\/www.treesandpeople.com\/wp-content\/uploads\/2019\/07\/Feuillees-perchees-dHodoumont-2-300x300.jpeg 300w, https:\/\/www.treesandpeople.com\/wp-content\/uploads\/2019\/07\/Feuillees-perchees-dHodoumont-2-800x800.jpeg 800w, https:\/\/www.treesandpeople.com\/wp-content\/uploads\/2019\/07\/Feuillees-perchees-dHodoumont-2-115x115.jpeg 115w\" sizes=\"auto, (max-width: 150px) 100vw, 150px\" title=\"Hodoumont compostable toilets\" \/><\/a>\n\t\t\t<\/dt><\/dl><dl class='gallery-item'>\n\t\t\t<dt class='gallery-icon landscape'>\n\t\t\t\t<a href='https:\/\/www.treesandpeople.com\/en\/feuillees-perchees-dhodoumont-1-2\/'><img loading=\"lazy\" decoding=\"async\" width=\"150\" height=\"150\" src=\"https:\/\/www.treesandpeople.com\/wp-content\/uploads\/2019\/07\/Feuillees-perchees-dHodoumont-1-150x150.jpg\" class=\"attachment-thumbnail size-thumbnail\" alt=\"\" srcset=\"https:\/\/www.treesandpeople.com\/wp-content\/uploads\/2019\/07\/Feuillees-perchees-dHodoumont-1-150x150.jpg 150w, https:\/\/www.treesandpeople.com\/wp-content\/uploads\/2019\/07\/Feuillees-perchees-dHodoumont-1-120x120.jpg 120w, https:\/\/www.treesandpeople.com\/wp-content\/uploads\/2019\/07\/Feuillees-perchees-dHodoumont-1-300x300.jpg 300w, https:\/\/www.treesandpeople.com\/wp-content\/uploads\/2019\/07\/Feuillees-perchees-dHodoumont-1-800x800.jpg 800w, https:\/\/www.treesandpeople.com\/wp-content\/uploads\/2019\/07\/Feuillees-perchees-dHodoumont-1-115x115.jpg 115w\" sizes=\"auto, (max-width: 150px) 100vw, 150px\" title=\"Hodoumont biodegradable toilets\" \/><\/a>\n\t\t\t<\/dt><\/dl><br style=\"clear: both\" \/>\n\t\t<\/div>\n\n<p>Le Dom&#8217;Up devient d\u00e9cid\u00e9ment bien confortable. Entre les feuill\u00e9es d&#8217;Hodoumont et le chauffage de la Cou\u00e9, nous pouvons voir que l&#8217;imagination de vos h\u00f4tes elle focaliser sur le d\u00e9sir de rendre votre s\u00e9jour aussi confortable que possible.<\/p>\n<h2><span style=\"font-weight: bold;\" class=\"gt3_font-weight\"><span style=\"font-weight: 400;\">Warmth and Heating at La Cou\u00e9<\/span><br \/>\n<img loading=\"lazy\" decoding=\"async\" class=\"alignright size-medium wp-image-7191\" src=\"http:\/\/www.treesandpeople.com\/wp-content\/uploads\/2019\/07\/Domup-Interior-La-Coue-300x199.png\" alt=\"\" width=\"300\" height=\"199\" \/><\/span><\/h2>\n<p><span style=\"font-weight: 400;\">If you think the best way to keep warm in the tent during the Cold Nights, our friends at <a href=\"https:\/\/www.airbnb.com\/rooms\/16942821?source_impression_id=p3_1562504385_O7qpi3j9fjF5cXjV\" class=\"gt3_styled_link gt3_styled_link__underline gt3_styled_link__underline_on_hover\">La Cou\u00e9, Switzerland,<\/a> came up with a much better idea.<\/span><\/p>\n<p><span style=\"font-weight: 400;\">Nights are cold in the mountains and your hosts at La Coue care a lot about the quality of your sleep. To keep you warm and cosy, they have installed a wood stove that wonderful completes the sumptuous decor that was already there from the start.<\/span><\/p>\n<p><span style=\"font-weight: 400;\">To set up the wood stove, some modification had to be made in the canvas of the Dom&#8217;Up double skin. The smoke had to get somewhere and preferably not stay inside and choke the guests.<\/span><\/p>\n<p><span style=\"font-weight: 400;\">Just making a hole in the tent canvas would not be ideal. Without closing it properly, the heat would escape from the aperture and the rain would trickle in.<\/span><\/p>\n<p><span style=\"font-weight: 400;\">Yet, where there is a problem there is a solution, and our friends at La Coue raked their brain until they found one.<\/span><\/p>\n<p><span style=\"font-weight: 400;\">Have a look at the pictures to see how ingeniously they leveraged the Dom&#8217;Up double skin to masterfully insulate the habitat.<\/span><\/p>\n\n\t\t<style type=\"text\/css\">\n\t\t\t#gallery-2 {\n\t\t\t\tmargin: auto;\n\t\t\t}\n\t\t\t#gallery-2 .gallery-item {\n\t\t\t\tfloat: left;\n\t\t\t\tmargin-top: 10px;\n\t\t\t\ttext-align: center;\n\t\t\t\twidth: 33%;\n\t\t\t}\n\t\t\t#gallery-2 img {\n\t\t\t\tborder: 2px solid #cfcfcf;\n\t\t\t}\n\t\t\t#gallery-2 .gallery-caption {\n\t\t\t\tmargin-left: 0;\n\t\t\t}\n\t\t\t\/* see gallery_shortcode() in wp-includes\/media.php *\/\n\t\t<\/style>\n\t\t<div id='gallery-2' class='gallery galleryid-7417 gallery-columns-3 gallery-size-medium'><dl class='gallery-item'>\n\t\t\t<dt class='gallery-icon portrait'>\n\t\t\t\t<a href='https:\/\/www.treesandpeople.com\/en\/poele-a-bois-2\/'><img loading=\"lazy\" decoding=\"async\" width=\"169\" height=\"300\" src=\"https:\/\/www.treesandpeople.com\/wp-content\/uploads\/2019\/07\/poele-a-bois-169x300.jpg\" class=\"attachment-medium size-medium\" alt=\"\" srcset=\"https:\/\/www.treesandpeople.com\/wp-content\/uploads\/2019\/07\/poele-a-bois-169x300.jpg 169w, https:\/\/www.treesandpeople.com\/wp-content\/uploads\/2019\/07\/poele-a-bois-768x1365.jpg 768w, https:\/\/www.treesandpeople.com\/wp-content\/uploads\/2019\/07\/poele-a-bois-576x1024.jpg 576w, https:\/\/www.treesandpeople.com\/wp-content\/uploads\/2019\/07\/poele-a-bois-1366x2428.jpg 1366w, https:\/\/www.treesandpeople.com\/wp-content\/uploads\/2019\/07\/poele-a-bois-1920x3413.jpg 1920w, https:\/\/www.treesandpeople.com\/wp-content\/uploads\/2019\/07\/poele-a-bois-600x1067.jpg 600w\" sizes=\"auto, (max-width: 169px) 100vw, 169px\" title=\"wood stove\" \/><\/a>\n\t\t\t<\/dt><\/dl><dl class='gallery-item'>\n\t\t\t<dt class='gallery-icon landscape'>\n\t\t\t\t<a href='https:\/\/www.treesandpeople.com\/en\/poele-a-bois-cheminee-interieur-2-2\/'><img loading=\"lazy\" decoding=\"async\" width=\"300\" height=\"169\" src=\"https:\/\/www.treesandpeople.com\/wp-content\/uploads\/2019\/07\/poele-a-bois-cheminee-interieur-2-300x169.jpg\" class=\"attachment-medium size-medium\" alt=\"\" srcset=\"https:\/\/www.treesandpeople.com\/wp-content\/uploads\/2019\/07\/poele-a-bois-cheminee-interieur-2-300x169.jpg 300w, https:\/\/www.treesandpeople.com\/wp-content\/uploads\/2019\/07\/poele-a-bois-cheminee-interieur-2-768x432.jpg 768w, https:\/\/www.treesandpeople.com\/wp-content\/uploads\/2019\/07\/poele-a-bois-cheminee-interieur-2-1024x576.jpg 1024w, https:\/\/www.treesandpeople.com\/wp-content\/uploads\/2019\/07\/poele-a-bois-cheminee-interieur-2-1366x768.jpg 1366w, https:\/\/www.treesandpeople.com\/wp-content\/uploads\/2019\/07\/poele-a-bois-cheminee-interieur-2-1920x1080.jpg 1920w, https:\/\/www.treesandpeople.com\/wp-content\/uploads\/2019\/07\/poele-a-bois-cheminee-interieur-2-600x338.jpg 600w\" sizes=\"auto, (max-width: 300px) 100vw, 300px\" title=\"wood stove pipe\" \/><\/a>\n\t\t\t<\/dt><\/dl><dl class='gallery-item'>\n\t\t\t<dt class='gallery-icon landscape'>\n\t\t\t\t<a href='https:\/\/www.treesandpeople.com\/en\/poele-a-bois-cheminee-entrebache-2\/'><img loading=\"lazy\" decoding=\"async\" width=\"300\" height=\"169\" src=\"https:\/\/www.treesandpeople.com\/wp-content\/uploads\/2019\/07\/poele-a-bois-cheminee-entrebache-300x169.jpg\" class=\"attachment-medium size-medium\" alt=\"\" srcset=\"https:\/\/www.treesandpeople.com\/wp-content\/uploads\/2019\/07\/poele-a-bois-cheminee-entrebache-300x169.jpg 300w, https:\/\/www.treesandpeople.com\/wp-content\/uploads\/2019\/07\/poele-a-bois-cheminee-entrebache-768x432.jpg 768w, https:\/\/www.treesandpeople.com\/wp-content\/uploads\/2019\/07\/poele-a-bois-cheminee-entrebache-1024x576.jpg 1024w, https:\/\/www.treesandpeople.com\/wp-content\/uploads\/2019\/07\/poele-a-bois-cheminee-entrebache-1366x768.jpg 1366w, https:\/\/www.treesandpeople.com\/wp-content\/uploads\/2019\/07\/poele-a-bois-cheminee-entrebache-1920x1080.jpg 1920w, https:\/\/www.treesandpeople.com\/wp-content\/uploads\/2019\/07\/poele-a-bois-cheminee-entrebache-600x338.jpg 600w\" sizes=\"auto, (max-width: 300px) 100vw, 300px\" title=\"wood stove pipe connector\" \/><\/a>\n\t\t\t<\/dt><\/dl><br style=\"clear: both\" \/><dl class='gallery-item'>\n\t\t\t<dt class='gallery-icon landscape'>\n\t\t\t\t<a href='https:\/\/www.treesandpeople.com\/en\/poele-a-bois-interieur-2\/'><img loading=\"lazy\" decoding=\"async\" width=\"300\" height=\"169\" src=\"https:\/\/www.treesandpeople.com\/wp-content\/uploads\/2019\/07\/poele-a-bois-interieur-300x169.jpg\" class=\"attachment-medium size-medium\" alt=\"\" srcset=\"https:\/\/www.treesandpeople.com\/wp-content\/uploads\/2019\/07\/poele-a-bois-interieur-300x169.jpg 300w, https:\/\/www.treesandpeople.com\/wp-content\/uploads\/2019\/07\/poele-a-bois-interieur-768x432.jpg 768w, https:\/\/www.treesandpeople.com\/wp-content\/uploads\/2019\/07\/poele-a-bois-interieur-1024x576.jpg 1024w, https:\/\/www.treesandpeople.com\/wp-content\/uploads\/2019\/07\/poele-a-bois-interieur-1366x768.jpg 1366w, https:\/\/www.treesandpeople.com\/wp-content\/uploads\/2019\/07\/poele-a-bois-interieur-1920x1080.jpg 1920w, https:\/\/www.treesandpeople.com\/wp-content\/uploads\/2019\/07\/poele-a-bois-interieur-600x338.jpg 600w\" sizes=\"auto, (max-width: 300px) 100vw, 300px\" title=\"wood stove interior\" \/><\/a>\n\t\t\t<\/dt><\/dl><dl class='gallery-item'>\n\t\t\t<dt class='gallery-icon portrait'>\n\t\t\t\t<a href='https:\/\/www.treesandpeople.com\/en\/extincteur-2\/'><img loading=\"lazy\" decoding=\"async\" width=\"169\" height=\"300\" src=\"https:\/\/www.treesandpeople.com\/wp-content\/uploads\/2019\/07\/extincteur-169x300.jpg\" class=\"attachment-medium size-medium\" alt=\"\" srcset=\"https:\/\/www.treesandpeople.com\/wp-content\/uploads\/2019\/07\/extincteur-169x300.jpg 169w, https:\/\/www.treesandpeople.com\/wp-content\/uploads\/2019\/07\/extincteur-768x1365.jpg 768w, https:\/\/www.treesandpeople.com\/wp-content\/uploads\/2019\/07\/extincteur-576x1024.jpg 576w, https:\/\/www.treesandpeople.com\/wp-content\/uploads\/2019\/07\/extincteur-1366x2428.jpg 1366w, https:\/\/www.treesandpeople.com\/wp-content\/uploads\/2019\/07\/extincteur-1920x3413.jpg 1920w, https:\/\/www.treesandpeople.com\/wp-content\/uploads\/2019\/07\/extincteur-600x1067.jpg 600w\" sizes=\"auto, (max-width: 169px) 100vw, 169px\" title=\"extinctor\" \/><\/a>\n\t\t\t<\/dt><\/dl>\n\t\t\t<br style='clear: both' \/>\n\t\t<\/div>\n\n<p><span style=\"font-weight: 400;\">Now, with the stove radiating comforting warmth, you can even keep your soup warm or steep your favourite infusion.<\/span><\/p>\n<p><span style=\"font-weight: 400;\">As La Cou\u00e9 hosts were kind enough to share their experience with us, feel free to contact us for advice on how to set one up on your Dom&#8217;Up.<\/span><\/p>\n<p><span style=\"font-weight: 400;\">In Japan,\u00a0 hosts also added stoves to the Dom&#8217;up, but, instead of putting the chimney through the roof, they set it up laterally.<\/span><\/p>\n<p><span style=\"font-weight: 400;\">Have a look at the pictures below to see if you can see it.<\/span><\/p>\n<p>&nbsp;<\/p>\n\n\t\t<style type=\"text\/css\">\n\t\t\t#gallery-3 {\n\t\t\t\tmargin: auto;\n\t\t\t}\n\t\t\t#gallery-3 .gallery-item {\n\t\t\t\tfloat: left;\n\t\t\t\tmargin-top: 10px;\n\t\t\t\ttext-align: center;\n\t\t\t\twidth: 33%;\n\t\t\t}\n\t\t\t#gallery-3 img {\n\t\t\t\tborder: 2px solid #cfcfcf;\n\t\t\t}\n\t\t\t#gallery-3 .gallery-caption {\n\t\t\t\tmargin-left: 0;\n\t\t\t}\n\t\t\t\/* see gallery_shortcode() in wp-includes\/media.php *\/\n\t\t<\/style>\n\t\t<div id='gallery-3' class='gallery galleryid-7417 gallery-columns-3 gallery-size-thumbnail'><dl class='gallery-item'>\n\t\t\t<dt class='gallery-icon landscape'>\n\t\t\t\t<a href='https:\/\/www.treesandpeople.com\/en\/cheminee-laterale-4\/'><img loading=\"lazy\" decoding=\"async\" width=\"150\" height=\"150\" src=\"https:\/\/www.treesandpeople.com\/wp-content\/uploads\/2019\/07\/chemin\u00e9e-lat\u00e9rale-150x150.jpg\" class=\"attachment-thumbnail size-thumbnail\" alt=\"\" srcset=\"https:\/\/www.treesandpeople.com\/wp-content\/uploads\/2019\/07\/chemin\u00e9e-lat\u00e9rale-150x150.jpg 150w, https:\/\/www.treesandpeople.com\/wp-content\/uploads\/2019\/07\/chemin\u00e9e-lat\u00e9rale-120x120.jpg 120w, https:\/\/www.treesandpeople.com\/wp-content\/uploads\/2019\/07\/chemin\u00e9e-lat\u00e9rale-300x300.jpg 300w, https:\/\/www.treesandpeople.com\/wp-content\/uploads\/2019\/07\/chemin\u00e9e-lat\u00e9rale-800x800.jpg 800w, https:\/\/www.treesandpeople.com\/wp-content\/uploads\/2019\/07\/chemin\u00e9e-lat\u00e9rale-115x115.jpg 115w\" sizes=\"auto, (max-width: 150px) 100vw, 150px\" title=\"Lateral Chimney\" \/><\/a>\n\t\t\t<\/dt><\/dl><dl class='gallery-item'>\n\t\t\t<dt class='gallery-icon landscape'>\n\t\t\t\t<a href='https:\/\/www.treesandpeople.com\/en\/poele-japon-2\/'><img loading=\"lazy\" decoding=\"async\" width=\"150\" height=\"150\" src=\"https:\/\/www.treesandpeople.com\/wp-content\/uploads\/2019\/07\/poele-japon-150x150.jpg\" class=\"attachment-thumbnail size-thumbnail\" alt=\"\" srcset=\"https:\/\/www.treesandpeople.com\/wp-content\/uploads\/2019\/07\/poele-japon-150x150.jpg 150w, https:\/\/www.treesandpeople.com\/wp-content\/uploads\/2019\/07\/poele-japon-120x120.jpg 120w, https:\/\/www.treesandpeople.com\/wp-content\/uploads\/2019\/07\/poele-japon-300x300.jpg 300w, https:\/\/www.treesandpeople.com\/wp-content\/uploads\/2019\/07\/poele-japon-115x115.jpg 115w\" sizes=\"auto, (max-width: 150px) 100vw, 150px\" title=\"Japan Stove\" \/><\/a>\n\t\t\t<\/dt><\/dl><dl class='gallery-item'>\n\t\t\t<dt class='gallery-icon landscape'>\n\t\t\t\t<a href='https:\/\/www.treesandpeople.com\/en\/cheminee-laterale-2-2\/'><img loading=\"lazy\" decoding=\"async\" width=\"150\" height=\"150\" src=\"https:\/\/www.treesandpeople.com\/wp-content\/uploads\/2019\/07\/chemin\u00e9e-lat\u00e9rale-2-150x150.jpg\" class=\"attachment-thumbnail size-thumbnail\" alt=\"\" srcset=\"https:\/\/www.treesandpeople.com\/wp-content\/uploads\/2019\/07\/chemin\u00e9e-lat\u00e9rale-2-150x150.jpg 150w, https:\/\/www.treesandpeople.com\/wp-content\/uploads\/2019\/07\/chemin\u00e9e-lat\u00e9rale-2-300x300.jpg 300w, https:\/\/www.treesandpeople.com\/wp-content\/uploads\/2019\/07\/chemin\u00e9e-lat\u00e9rale-2-768x764.jpg 768w, https:\/\/www.treesandpeople.com\/wp-content\/uploads\/2019\/07\/chemin\u00e9e-lat\u00e9rale-2-120x120.jpg 120w, https:\/\/www.treesandpeople.com\/wp-content\/uploads\/2019\/07\/chemin\u00e9e-lat\u00e9rale-2-600x597.jpg 600w, https:\/\/www.treesandpeople.com\/wp-content\/uploads\/2019\/07\/chemin\u00e9e-lat\u00e9rale-2-115x115.jpg 115w, https:\/\/www.treesandpeople.com\/wp-content\/uploads\/2019\/07\/chemin\u00e9e-lat\u00e9rale-2.jpg 960w\" sizes=\"auto, (max-width: 150px) 100vw, 150px\" title=\"Lateral Chimney\" \/><\/a>\n\t\t\t<\/dt><\/dl><br style=\"clear: both\" \/>\n\t\t<\/div>\n\n<p><span style=\"font-weight: 400;\">As time goes by, the Dom&#8217;Up is becoming increasingly comfortable. It has already been fitted with \u201ccentral heating\u201d and \u201ccentral plumbing\u201d. What else will Dom&#8217;Up hosts come up with?<\/span><\/p>\n<p><span style=\"font-weight: 400;\"><a href=\"http:\/\/www.treesandpeople.com\/en\/?page_id=7314\" class=\"gt3_styled_link gt3_styled_link__underline\">Let us know<\/a> if you have any idea you think would improve the comfort of the Dom\u2019Up.<\/span><\/p>\n<p>&nbsp;<\/p>\n\t\t\t\t\t<\/div>\n\t\t\t\t\t\t<\/div>\n\t\t\t\t<\/div>\n\t\t\t\t\t\t<\/div>\n\t\t\t\t\t<\/div>\n\t\t<\/div>\n\t\t\t\t\t\t\t\t<\/div>\n\t\t\t\t\t<\/div>\n\t\t<\/section>\n\t\t\t\t\t\t\t\t\t<\/div>\n\t\t\t<\/div>\n\t\t\t\t\t<\/div>\n\t\t","protected":false},"excerpt":{"rendered":"<p>Tree tents are becoming cosier and cosier&#8230; Thanks to the boundless ingeniosity of our Dom&#8217;Up early adopters, new solutions are cropping up to address a variety of issues, from nocturnal emergencies to freezing nights&#8230;<\/p>\n","protected":false},"author":2,"featured_media":7183,"comment_status":"closed","ping_status":"closed","sticky":false,"template":"","format":"standard","meta":{"inline_featured_image":false,"_exactmetrics_skip_tracking":false,"_exactmetrics_sitenote_active":false,"_exactmetrics_sitenote_note":"","_exactmetrics_sitenote_category":0,"footnotes":""},"categories":[77,76],"tags":[],"class_list":["post-7417","post","type-post","status-publish","format-standard","has-post-thumbnail","hentry","category-blog-en","category-equipment"],"_links":{"self":[{"href":"https:\/\/www.treesandpeople.com\/en\/wp-json\/wp\/v2\/posts\/7417","targetHints":{"allow":["GET"]}}],"collection":[{"href":"https:\/\/www.treesandpeople.com\/en\/wp-json\/wp\/v2\/posts"}],"about":[{"href":"https:\/\/www.treesandpeople.com\/en\/wp-json\/wp\/v2\/types\/post"}],"author":[{"embeddable":true,"href":"https:\/\/www.treesandpeople.com\/en\/wp-json\/wp\/v2\/users\/2"}],"replies":[{"embeddable":true,"href":"https:\/\/www.treesandpeople.com\/en\/wp-json\/wp\/v2\/comments?post=7417"}],"version-history":[{"count":7,"href":"https:\/\/www.treesandpeople.com\/en\/wp-json\/wp\/v2\/posts\/7417\/revisions"}],"predecessor-version":[{"id":7431,"href":"https:\/\/www.treesandpeople.com\/en\/wp-json\/wp\/v2\/posts\/7417\/revisions\/7431"}],"wp:featuredmedia":[{"embeddable":true,"href":"https:\/\/www.treesandpeople.com\/en\/wp-json\/wp\/v2\/media\/7183"}],"wp:attachment":[{"href":"https:\/\/www.treesandpeople.com\/en\/wp-json\/wp\/v2\/media?parent=7417"}],"wp:term":[{"taxonomy":"category","embeddable":true,"href":"https:\/\/www.treesandpeople.com\/en\/wp-json\/wp\/v2\/categories?post=7417"},{"taxonomy":"post_tag","embeddable":true,"href":"https:\/\/www.treesandpeople.com\/en\/wp-json\/wp\/v2\/tags?post=7417"}],"curies":[{"name":"wp","href":"https:\/\/api.w.org\/{rel}","templated":true}]}}